
{"id":737,"date":"2022-01-29T19:46:42","date_gmt":"2022-01-29T18:46:42","guid":{"rendered":"https:\/\/www.markussalcher.at\/?p=737"},"modified":"2022-01-29T19:46:43","modified_gmt":"2022-01-29T18:46:43","slug":"salcher-fuenfter-im-rtl-von-aare-super-g-kristall-fix","status":"publish","type":"post","link":"https:\/\/www.markussalcher.at\/en\/salcher-fuenfter-im-rtl-von-aare-super-g-kristall-fix\/","title":{"rendered":"Salcher F\u00fcnfter im RTL von Aare &#8211; Super-G-Kristall fix"},"content":{"rendered":"\n<p><strong>Markus Salcher ist am Samstag beim Weltcup-Riesentorlauf im schwedischen Aare in der Klasse der stehenden Herren auf Platz f\u00fcnf gefahren. Der Gewinn der Super-G-Kristallkugel ist unterdessen nach dem vorzeitigen Ende der Weltcup-Saison fix.&nbsp;<\/strong><\/p>\n\n\n\n<p>Auf Sieger Aleksei Bugaev aus Russland fehlten dem K\u00e4rntner am Ende 3,70 Sekunden. Zweiter wurde \u00d6SV-L\u00e4ufer Thomas Grochar (+1,78 Sek.), Dritter der Finne Santeri Kiiveri (+2,41 Sek.). Salcher war bereits nach dem ersten Durchgang auf Platz f\u00fcnf gelegen. Auch im zweiten Lauf erzielte er die f\u00fcnftbeste Zeit. &#8220;Ich bin im ersten Durchgang nicht wirklich ins Fahren gekommen, auch im zweiten ist mir ein Fehler unterlaufen. Das war heute nicht mein Rennen&#8221;, kommentierte Salcher sein Abschneiden.<\/p>\n\n\n\n<p>Der f\u00fcnfte Platz im Riesentorlauf von Aare d\u00fcrfte sein letztes Weltcup-Ergebnis der laufenden Saison werden. Das Weltcup-Finale in Veysonnaz (SUI) wurde abgesagt, den morgigen Slalom wird der Speed-Spezialist nicht bestreiten. Jubeln darf Salcher \u00fcber die kleine Kristallkugel im Super-G-Weltcup. Der Fokus gilt nun den Paralympischen Spielen im M\u00e4rz in Peking. Den Feinschliff daf\u00fcr holen sich Salcher und Co. von 10. bis 17. Februar in Saalbach-Hinterglemm.&nbsp;<\/p>\n","protected":false},"excerpt":{"rendered":"<p>Markus Salcher ist am Samstag beim Weltcup-Riesentorlauf im schwedischen Aare in der Klasse der stehenden Herren auf Platz f\u00fcnf gefahren. Der Gewinn der Super-G-Kristallkugel ist unterdessen nach dem vorzeitigen Ende der Weltcup-Saison fix.&nbsp; Auf Sieger Aleksei Bugaev aus Russland fehlten dem K\u00e4rntner am Ende 3,70 Sekunden. Zweiter wurde \u00d6SV-L\u00e4ufer Thomas Grochar (+1,78 Sek.), Dritter der&hellip; <\/p>\n<p class=\"toivo-read-more\"><a href=\"https:\/\/www.markussalcher.at\/en\/salcher-fuenfter-im-rtl-von-aare-super-g-kristall-fix\/\" class=\"more-link\">Read more <span class=\"screen-reader-text\">Salcher F\u00fcnfter im RTL von Aare &#8211; Super-G-Kristall fix<\/span><\/a><\/p>\n","protected":false},"author":2,"featured_media":0,"comment_status":"closed","ping_status":"open","sticky":false,"template":"","format":"standard","meta":[],"categories":[1],"tags":[],"yoast_head":"<!-- This site is optimized with the Yoast SEO plugin v19.6.1 - https:\/\/yoast.com\/wordpress\/plugins\/seo\/ -->\n<title>Salcher F\u00fcnfter im RTL von Aare - Super-G-Kristall fix - Markus Salcher<\/title>\n<meta name=\"robots\" content=\"index, follow, max-snippet:-1, max-image-preview:large, max-video-preview:-1\" \/>\n<link rel=\"canonical\" href=\"https:\/\/www.markussalcher.at\/en\/salcher-fuenfter-im-rtl-von-aare-super-g-kristall-fix\/\" \/>\n<meta property=\"og:locale\" content=\"en_US\" \/>\n<meta property=\"og:type\" content=\"article\" \/>\n<meta property=\"og:title\" content=\"Salcher F\u00fcnfter im RTL von Aare - Super-G-Kristall fix - Markus Salcher\" \/>\n<meta property=\"og:description\" content=\"Markus Salcher ist am Samstag beim Weltcup-Riesentorlauf im schwedischen Aare in der Klasse der stehenden Herren auf Platz f\u00fcnf gefahren. Der Gewinn der Super-G-Kristallkugel ist unterdessen nach dem vorzeitigen Ende der Weltcup-Saison fix.&nbsp; Auf Sieger Aleksei Bugaev aus Russland fehlten dem K\u00e4rntner am Ende 3,70 Sekunden. Zweiter wurde \u00d6SV-L\u00e4ufer Thomas Grochar (+1,78 Sek.), Dritter der&hellip; Read more Salcher F\u00fcnfter im RTL von Aare &#8211; Super-G-Kristall fix\" \/>\n<meta property=\"og:url\" content=\"https:\/\/www.markussalcher.at\/en\/salcher-fuenfter-im-rtl-von-aare-super-g-kristall-fix\/\" \/>\n<meta property=\"og:site_name\" content=\"Markus Salcher\" \/>\n<meta property=\"article:published_time\" content=\"2022-01-29T18:46:42+00:00\" \/>\n<meta property=\"article:modified_time\" content=\"2022-01-29T18:46:43+00:00\" \/>\n<meta name=\"author\" content=\"Thomas Rathgeb\" \/>\n<meta name=\"twitter:card\" content=\"summary\" \/>\n<meta name=\"twitter:creator\" content=\"@markussalcher\" \/>\n<meta name=\"twitter:site\" content=\"@markussalcher\" \/>\n<meta name=\"twitter:label1\" content=\"Written by\" \/>\n\t<meta name=\"twitter:data1\" content=\"Thomas Rathgeb\" \/>\n\t<meta name=\"twitter:label2\" content=\"Est. reading time\" \/>\n\t<meta name=\"twitter:data2\" content=\"1 minute\" \/>\n<script type=\"application\/ld+json\" class=\"yoast-schema-graph\">{\"@context\":\"https:\/\/schema.org\",\"@graph\":[{\"@type\":\"Article\",\"@id\":\"https:\/\/www.markussalcher.at\/en\/salcher-fuenfter-im-rtl-von-aare-super-g-kristall-fix\/#article\",\"isPartOf\":{\"@id\":\"https:\/\/www.markussalcher.at\/en\/salcher-fuenfter-im-rtl-von-aare-super-g-kristall-fix\/\"},\"author\":{\"name\":\"Thomas Rathgeb\",\"@id\":\"https:\/\/www.markussalcher.at\/en\/#\/schema\/person\/5f79e66fd4c04a21998d22d2d7592750\"},\"headline\":\"Salcher F\u00fcnfter im RTL von Aare &#8211; Super-G-Kristall fix\",\"datePublished\":\"2022-01-29T18:46:42+00:00\",\"dateModified\":\"2022-01-29T18:46:43+00:00\",\"mainEntityOfPage\":{\"@id\":\"https:\/\/www.markussalcher.at\/en\/salcher-fuenfter-im-rtl-von-aare-super-g-kristall-fix\/\"},\"wordCount\":189,\"publisher\":{\"@id\":\"https:\/\/www.markussalcher.at\/en\/#\/schema\/person\/4d3b28a2ac4641b84d51dc7a867c968e\"},\"articleSection\":[\"News\"],\"inLanguage\":\"en-US\"},{\"@type\":\"WebPage\",\"@id\":\"https:\/\/www.markussalcher.at\/en\/salcher-fuenfter-im-rtl-von-aare-super-g-kristall-fix\/\",\"url\":\"https:\/\/www.markussalcher.at\/en\/salcher-fuenfter-im-rtl-von-aare-super-g-kristall-fix\/\",\"name\":\"Salcher F\u00fcnfter im RTL von Aare - Super-G-Kristall fix - Markus Salcher\",\"isPartOf\":{\"@id\":\"https:\/\/www.markussalcher.at\/en\/#website\"},\"datePublished\":\"2022-01-29T18:46:42+00:00\",\"dateModified\":\"2022-01-29T18:46:43+00:00\",\"breadcrumb\":{\"@id\":\"https:\/\/www.markussalcher.at\/en\/salcher-fuenfter-im-rtl-von-aare-super-g-kristall-fix\/#breadcrumb\"},\"inLanguage\":\"en-US\",\"potentialAction\":[{\"@type\":\"ReadAction\",\"target\":[\"https:\/\/www.markussalcher.at\/en\/salcher-fuenfter-im-rtl-von-aare-super-g-kristall-fix\/\"]}]},{\"@type\":\"BreadcrumbList\",\"@id\":\"https:\/\/www.markussalcher.at\/en\/salcher-fuenfter-im-rtl-von-aare-super-g-kristall-fix\/#breadcrumb\",\"itemListElement\":[{\"@type\":\"ListItem\",\"position\":1,\"name\":\"Home\",\"item\":\"https:\/\/www.markussalcher.at\/\"},{\"@type\":\"ListItem\",\"position\":2,\"name\":\"Salcher F\u00fcnfter im RTL von Aare &#8211; Super-G-Kristall fix\"}]},{\"@type\":\"WebSite\",\"@id\":\"https:\/\/www.markussalcher.at\/en\/#website\",\"url\":\"https:\/\/www.markussalcher.at\/en\/\",\"name\":\"Markus Salcher\",\"description\":\"\",\"publisher\":{\"@id\":\"https:\/\/www.markussalcher.at\/en\/#\/schema\/person\/4d3b28a2ac4641b84d51dc7a867c968e\"},\"potentialAction\":[{\"@type\":\"SearchAction\",\"target\":{\"@type\":\"EntryPoint\",\"urlTemplate\":\"https:\/\/www.markussalcher.at\/en\/?s={search_term_string}\"},\"query-input\":\"required name=search_term_string\"}],\"inLanguage\":\"en-US\"},{\"@type\":[\"Person\",\"Organization\"],\"@id\":\"https:\/\/www.markussalcher.at\/en\/#\/schema\/person\/4d3b28a2ac4641b84d51dc7a867c968e\",\"name\":\"admin\",\"image\":{\"@type\":\"ImageObject\",\"inLanguage\":\"en-US\",\"@id\":\"https:\/\/www.markussalcher.at\/en\/#\/schema\/person\/image\/\",\"url\":\"https:\/\/secure.gravatar.com\/avatar\/77dd2852168e19bb4b0c128eaf1117f9?s=96&d=mm&r=g\",\"contentUrl\":\"https:\/\/secure.gravatar.com\/avatar\/77dd2852168e19bb4b0c128eaf1117f9?s=96&d=mm&r=g\",\"caption\":\"admin\"},\"logo\":{\"@id\":\"https:\/\/www.markussalcher.at\/en\/#\/schema\/person\/image\/\"}},{\"@type\":\"Person\",\"@id\":\"https:\/\/www.markussalcher.at\/en\/#\/schema\/person\/5f79e66fd4c04a21998d22d2d7592750\",\"name\":\"Thomas Rathgeb\",\"image\":{\"@type\":\"ImageObject\",\"inLanguage\":\"en-US\",\"@id\":\"https:\/\/www.markussalcher.at\/en\/#\/schema\/person\/image\/\",\"url\":\"https:\/\/secure.gravatar.com\/avatar\/f31cd49a9a2584a4a9e895627cd2d6b2?s=96&d=mm&r=g\",\"contentUrl\":\"https:\/\/secure.gravatar.com\/avatar\/f31cd49a9a2584a4a9e895627cd2d6b2?s=96&d=mm&r=g\",\"caption\":\"Thomas Rathgeb\"},\"sameAs\":[\"https:\/\/www.sportpresseagentur.at\"]}]}<\/script>\n<!-- \/ Yoast SEO plugin. -->","yoast_head_json":{"title":"Salcher F\u00fcnfter im RTL von Aare - Super-G-Kristall fix - Markus Salcher","robots":{"index":"index","follow":"follow","max-snippet":"max-snippet:-1","max-image-preview":"max-image-preview:large","max-video-preview":"max-video-preview:-1"},"canonical":"https:\/\/www.markussalcher.at\/en\/salcher-fuenfter-im-rtl-von-aare-super-g-kristall-fix\/","og_locale":"en_US","og_type":"article","og_title":"Salcher F\u00fcnfter im RTL von Aare - Super-G-Kristall fix - Markus Salcher","og_description":"Markus Salcher ist am Samstag beim Weltcup-Riesentorlauf im schwedischen Aare in der Klasse der stehenden Herren auf Platz f\u00fcnf gefahren. Der Gewinn der Super-G-Kristallkugel ist unterdessen nach dem vorzeitigen Ende der Weltcup-Saison fix.&nbsp; Auf Sieger Aleksei Bugaev aus Russland fehlten dem K\u00e4rntner am Ende 3,70 Sekunden. Zweiter wurde \u00d6SV-L\u00e4ufer Thomas Grochar (+1,78 Sek.), Dritter der&hellip; Read more Salcher F\u00fcnfter im RTL von Aare &#8211; Super-G-Kristall fix","og_url":"https:\/\/www.markussalcher.at\/en\/salcher-fuenfter-im-rtl-von-aare-super-g-kristall-fix\/","og_site_name":"Markus Salcher","article_published_time":"2022-01-29T18:46:42+00:00","article_modified_time":"2022-01-29T18:46:43+00:00","author":"Thomas Rathgeb","twitter_card":"summary","twitter_creator":"@markussalcher","twitter_site":"@markussalcher","twitter_misc":{"Written by":"Thomas Rathgeb","Est. reading time":"1 minute"},"schema":{"@context":"https:\/\/schema.org","@graph":[{"@type":"Article","@id":"https:\/\/www.markussalcher.at\/en\/salcher-fuenfter-im-rtl-von-aare-super-g-kristall-fix\/#article","isPartOf":{"@id":"https:\/\/www.markussalcher.at\/en\/salcher-fuenfter-im-rtl-von-aare-super-g-kristall-fix\/"},"author":{"name":"Thomas Rathgeb","@id":"https:\/\/www.markussalcher.at\/en\/#\/schema\/person\/5f79e66fd4c04a21998d22d2d7592750"},"headline":"Salcher F\u00fcnfter im RTL von Aare &#8211; Super-G-Kristall fix","datePublished":"2022-01-29T18:46:42+00:00","dateModified":"2022-01-29T18:46:43+00:00","mainEntityOfPage":{"@id":"https:\/\/www.markussalcher.at\/en\/salcher-fuenfter-im-rtl-von-aare-super-g-kristall-fix\/"},"wordCount":189,"publisher":{"@id":"https:\/\/www.markussalcher.at\/en\/#\/schema\/person\/4d3b28a2ac4641b84d51dc7a867c968e"},"articleSection":["News"],"inLanguage":"en-US"},{"@type":"WebPage","@id":"https:\/\/www.markussalcher.at\/en\/salcher-fuenfter-im-rtl-von-aare-super-g-kristall-fix\/","url":"https:\/\/www.markussalcher.at\/en\/salcher-fuenfter-im-rtl-von-aare-super-g-kristall-fix\/","name":"Salcher F\u00fcnfter im RTL von Aare - Super-G-Kristall fix - Markus Salcher","isPartOf":{"@id":"https:\/\/www.markussalcher.at\/en\/#website"},"datePublished":"2022-01-29T18:46:42+00:00","dateModified":"2022-01-29T18:46:43+00:00","breadcrumb":{"@id":"https:\/\/www.markussalcher.at\/en\/salcher-fuenfter-im-rtl-von-aare-super-g-kristall-fix\/#breadcrumb"},"inLanguage":"en-US","potentialAction":[{"@type":"ReadAction","target":["https:\/\/www.markussalcher.at\/en\/salcher-fuenfter-im-rtl-von-aare-super-g-kristall-fix\/"]}]},{"@type":"BreadcrumbList","@id":"https:\/\/www.markussalcher.at\/en\/salcher-fuenfter-im-rtl-von-aare-super-g-kristall-fix\/#breadcrumb","itemListElement":[{"@type":"ListItem","position":1,"name":"Home","item":"https:\/\/www.markussalcher.at\/"},{"@type":"ListItem","position":2,"name":"Salcher F\u00fcnfter im RTL von Aare &#8211; Super-G-Kristall fix"}]},{"@type":"WebSite","@id":"https:\/\/www.markussalcher.at\/en\/#website","url":"https:\/\/www.markussalcher.at\/en\/","name":"Markus Salcher","description":"","publisher":{"@id":"https:\/\/www.markussalcher.at\/en\/#\/schema\/person\/4d3b28a2ac4641b84d51dc7a867c968e"},"potentialAction":[{"@type":"SearchAction","target":{"@type":"EntryPoint","urlTemplate":"https:\/\/www.markussalcher.at\/en\/?s={search_term_string}"},"query-input":"required name=search_term_string"}],"inLanguage":"en-US"},{"@type":["Person","Organization"],"@id":"https:\/\/www.markussalcher.at\/en\/#\/schema\/person\/4d3b28a2ac4641b84d51dc7a867c968e","name":"admin","image":{"@type":"ImageObject","inLanguage":"en-US","@id":"https:\/\/www.markussalcher.at\/en\/#\/schema\/person\/image\/","url":"https:\/\/secure.gravatar.com\/avatar\/77dd2852168e19bb4b0c128eaf1117f9?s=96&d=mm&r=g","contentUrl":"https:\/\/secure.gravatar.com\/avatar\/77dd2852168e19bb4b0c128eaf1117f9?s=96&d=mm&r=g","caption":"admin"},"logo":{"@id":"https:\/\/www.markussalcher.at\/en\/#\/schema\/person\/image\/"}},{"@type":"Person","@id":"https:\/\/www.markussalcher.at\/en\/#\/schema\/person\/5f79e66fd4c04a21998d22d2d7592750","name":"Thomas Rathgeb","image":{"@type":"ImageObject","inLanguage":"en-US","@id":"https:\/\/www.markussalcher.at\/en\/#\/schema\/person\/image\/","url":"https:\/\/secure.gravatar.com\/avatar\/f31cd49a9a2584a4a9e895627cd2d6b2?s=96&d=mm&r=g","contentUrl":"https:\/\/secure.gravatar.com\/avatar\/f31cd49a9a2584a4a9e895627cd2d6b2?s=96&d=mm&r=g","caption":"Thomas Rathgeb"},"sameAs":["https:\/\/www.sportpresseagentur.at"]}]}},"_links":{"self":[{"href":"https:\/\/www.markussalcher.at\/en\/wp-json\/wp\/v2\/posts\/737"}],"collection":[{"href":"https:\/\/www.markussalcher.at\/en\/wp-json\/wp\/v2\/posts"}],"about":[{"href":"https:\/\/www.markussalcher.at\/en\/wp-json\/wp\/v2\/types\/post"}],"author":[{"embeddable":true,"href":"https:\/\/www.markussalcher.at\/en\/wp-json\/wp\/v2\/users\/2"}],"replies":[{"embeddable":true,"href":"https:\/\/www.markussalcher.at\/en\/wp-json\/wp\/v2\/comments?post=737"}],"version-history":[{"count":1,"href":"https:\/\/www.markussalcher.at\/en\/wp-json\/wp\/v2\/posts\/737\/revisions"}],"predecessor-version":[{"id":738,"href":"https:\/\/www.markussalcher.at\/en\/wp-json\/wp\/v2\/posts\/737\/revisions\/738"}],"wp:attachment":[{"href":"https:\/\/www.markussalcher.at\/en\/wp-json\/wp\/v2\/media?parent=737"}],"wp:term":[{"taxonomy":"category","embeddable":true,"href":"https:\/\/www.markussalcher.at\/en\/wp-json\/wp\/v2\/categories?post=737"},{"taxonomy":"post_tag","embeddable":true,"href":"https:\/\/www.markussalcher.at\/en\/wp-json\/wp\/v2\/tags?post=737"}],"curies":[{"name":"wp","href":"https:\/\/api.w.org\/{rel}","templated":true}]}}