
{"id":724,"date":"2022-01-12T14:27:42","date_gmt":"2022-01-12T13:27:42","guid":{"rendered":"https:\/\/www.markussalcher.at\/?p=724"},"modified":"2022-01-12T14:27:44","modified_gmt":"2022-01-12T13:27:44","slug":"salcher-fuer-wm-abfahrt-geruestet","status":"publish","type":"post","link":"https:\/\/www.markussalcher.at\/en\/salcher-fuer-wm-abfahrt-geruestet\/","title":{"rendered":"Salcher f\u00fcr WM-Abfahrt ger\u00fcstet"},"content":{"rendered":"\n<p><strong>Paraski-Ass Markus Salcher ist auch im zweiten Training f\u00fcr die WM-Abfahrt bei den Titelk\u00e4mpfen in Lillehammer\/Hafjell auf Platz zwei gefahren. Der K\u00e4rntner z\u00e4hlt damit zu den hei\u00dfesten Anw\u00e4rtern auf eine Medaille in der K\u00f6nigsdisziplin.&nbsp;<\/strong><\/p>\n\n\n\n<p>In der Klasse der stehenden Herren musste der 30-J\u00e4hrige wie schon am Vortag nur dem Franzosen Arthur Bauchet den Vortritt lassen. 2,14 Sekunden fehlten Salcher im zweiten Trainingslauf bei guten Bedingungen auf den Saison-Dominator.&nbsp;Dritter wurde erneut der Schweizer Theo Gm\u00fcr (+2,59 Sek.). Das Trio z\u00e4hlt im morgigen Bewerb zum engsten Favoritenkreis.&nbsp;<\/p>\n\n\n\n<p>Salcher hat sich f\u00fcr das Er\u00f6ffnungsrennen noch einige Reserven gelassen. &#8220;Die Strecke war heute schneller als gestern. Mein Lauf war okay. Zwei, drei Passagen muss ich besser hinbekommen. Ich hoffe, dass mir das morgen aufgeht&#8221;, so der zweifache Paralympicssieger von Sotschi 2014. F\u00e4hrt der K\u00e4rntner morgen auf das Podest, w\u00e4re es bereits die zehnte WM-Medaille seiner Karriere. ORF Sport + \u00fcbertr\u00e4gt das Rennen morgen live ab 11:30 Uhr.&nbsp;Im weiteren Verlauf der Titelk\u00e4mpfe wird&nbsp;Speed-Spezialist Salcher auch noch Super-G, Riesentorlauf, Super-Kombination und den Parallel-Teamevent bestreiten.&nbsp;<\/p>\n\n\n\n<p><strong>weiterer WM-Zeitplan<\/strong><\/p>\n\n\n\n<p>Donnerstag, 13. J\u00e4nner 2022<br>11:00 Uhr: Abfahrt<\/p>\n\n\n\n<p>Samstag, 15. J\u00e4nner 2022<br>11:00 Uhr: Super-G<\/p>\n\n\n\n<p>Sonntag, 16. J\u00e4nner 2022<br>10:45 Uhr:&nbsp;Kombination &#8211; Super-G<br>14:45 Uhr: Kombination &#8211; Slalom<\/p>\n\n\n\n<p>Mittwoch, 19. J\u00e4nner 2022<br>10:00 Uhr: Riesentorlauf &#8211; 1. Durchgang<br>13:15 Uhr: Riesentorlauf &#8211; 2. Durchgang<\/p>\n\n\n\n<p>Sonntag, 23. J\u00e4nner 2022<br>09:30 Uhr: Parallelevent &#8211; Qualifikation<br>13:00 Uhr: Parallelevent &#8211; K.o.-Phase<\/p>\n","protected":false},"excerpt":{"rendered":"<p>Paraski-Ass Markus Salcher ist auch im zweiten Training f\u00fcr die WM-Abfahrt bei den Titelk\u00e4mpfen in Lillehammer\/Hafjell auf Platz zwei gefahren. Der K\u00e4rntner z\u00e4hlt damit zu den hei\u00dfesten Anw\u00e4rtern auf eine Medaille in der K\u00f6nigsdisziplin.&nbsp; In der Klasse der stehenden Herren musste der 30-J\u00e4hrige wie schon am Vortag nur dem Franzosen Arthur Bauchet den Vortritt lassen.&hellip; <\/p>\n<p class=\"toivo-read-more\"><a href=\"https:\/\/www.markussalcher.at\/en\/salcher-fuer-wm-abfahrt-geruestet\/\" class=\"more-link\">Read more <span class=\"screen-reader-text\">Salcher f\u00fcr WM-Abfahrt ger\u00fcstet<\/span><\/a><\/p>\n","protected":false},"author":2,"featured_media":0,"comment_status":"closed","ping_status":"open","sticky":false,"template":"","format":"standard","meta":[],"categories":[1],"tags":[21,99,17,22,13,19,12],"yoast_head":"<!-- This site is optimized with the Yoast SEO plugin v19.6.1 - https:\/\/yoast.com\/wordpress\/plugins\/seo\/ -->\n<title>Salcher f\u00fcr WM-Abfahrt ger\u00fcstet - Markus Salcher<\/title>\n<meta name=\"robots\" content=\"index, follow, max-snippet:-1, max-image-preview:large, max-video-preview:-1\" \/>\n<link rel=\"canonical\" href=\"https:\/\/www.markussalcher.at\/en\/salcher-fuer-wm-abfahrt-geruestet\/\" \/>\n<meta property=\"og:locale\" content=\"en_US\" \/>\n<meta property=\"og:type\" content=\"article\" \/>\n<meta property=\"og:title\" content=\"Salcher f\u00fcr WM-Abfahrt ger\u00fcstet - Markus Salcher\" \/>\n<meta property=\"og:description\" content=\"Paraski-Ass Markus Salcher ist auch im zweiten Training f\u00fcr die WM-Abfahrt bei den Titelk\u00e4mpfen in Lillehammer\/Hafjell auf Platz zwei gefahren. Der K\u00e4rntner z\u00e4hlt damit zu den hei\u00dfesten Anw\u00e4rtern auf eine Medaille in der K\u00f6nigsdisziplin.&nbsp; In der Klasse der stehenden Herren musste der 30-J\u00e4hrige wie schon am Vortag nur dem Franzosen Arthur Bauchet den Vortritt lassen.&hellip; Read more Salcher f\u00fcr WM-Abfahrt ger\u00fcstet\" \/>\n<meta property=\"og:url\" content=\"https:\/\/www.markussalcher.at\/en\/salcher-fuer-wm-abfahrt-geruestet\/\" \/>\n<meta property=\"og:site_name\" content=\"Markus Salcher\" \/>\n<meta property=\"article:published_time\" content=\"2022-01-12T13:27:42+00:00\" \/>\n<meta property=\"article:modified_time\" content=\"2022-01-12T13:27:44+00:00\" \/>\n<meta name=\"author\" content=\"Thomas Rathgeb\" \/>\n<meta name=\"twitter:card\" content=\"summary\" \/>\n<meta name=\"twitter:creator\" content=\"@markussalcher\" \/>\n<meta name=\"twitter:site\" content=\"@markussalcher\" \/>\n<meta name=\"twitter:label1\" content=\"Written by\" \/>\n\t<meta name=\"twitter:data1\" content=\"Thomas Rathgeb\" \/>\n\t<meta name=\"twitter:label2\" content=\"Est. reading time\" \/>\n\t<meta name=\"twitter:data2\" content=\"1 minute\" \/>\n<script type=\"application\/ld+json\" class=\"yoast-schema-graph\">{\"@context\":\"https:\/\/schema.org\",\"@graph\":[{\"@type\":\"Article\",\"@id\":\"https:\/\/www.markussalcher.at\/en\/salcher-fuer-wm-abfahrt-geruestet\/#article\",\"isPartOf\":{\"@id\":\"https:\/\/www.markussalcher.at\/en\/salcher-fuer-wm-abfahrt-geruestet\/\"},\"author\":{\"name\":\"Thomas Rathgeb\",\"@id\":\"https:\/\/www.markussalcher.at\/en\/#\/schema\/person\/5f79e66fd4c04a21998d22d2d7592750\"},\"headline\":\"Salcher f\u00fcr WM-Abfahrt ger\u00fcstet\",\"datePublished\":\"2022-01-12T13:27:42+00:00\",\"dateModified\":\"2022-01-12T13:27:44+00:00\",\"mainEntityOfPage\":{\"@id\":\"https:\/\/www.markussalcher.at\/en\/salcher-fuer-wm-abfahrt-geruestet\/\"},\"wordCount\":244,\"publisher\":{\"@id\":\"https:\/\/www.markussalcher.at\/en\/#\/schema\/person\/4d3b28a2ac4641b84d51dc7a867c968e\"},\"keywords\":[\"Abfahrt\",\"Hafjell\",\"IPC\",\"Paraski\",\"Salcher\",\"Ski alpin\",\"WM\"],\"articleSection\":[\"News\"],\"inLanguage\":\"en-US\"},{\"@type\":\"WebPage\",\"@id\":\"https:\/\/www.markussalcher.at\/en\/salcher-fuer-wm-abfahrt-geruestet\/\",\"url\":\"https:\/\/www.markussalcher.at\/en\/salcher-fuer-wm-abfahrt-geruestet\/\",\"name\":\"Salcher f\u00fcr WM-Abfahrt ger\u00fcstet - Markus Salcher\",\"isPartOf\":{\"@id\":\"https:\/\/www.markussalcher.at\/en\/#website\"},\"datePublished\":\"2022-01-12T13:27:42+00:00\",\"dateModified\":\"2022-01-12T13:27:44+00:00\",\"breadcrumb\":{\"@id\":\"https:\/\/www.markussalcher.at\/en\/salcher-fuer-wm-abfahrt-geruestet\/#breadcrumb\"},\"inLanguage\":\"en-US\",\"potentialAction\":[{\"@type\":\"ReadAction\",\"target\":[\"https:\/\/www.markussalcher.at\/en\/salcher-fuer-wm-abfahrt-geruestet\/\"]}]},{\"@type\":\"BreadcrumbList\",\"@id\":\"https:\/\/www.markussalcher.at\/en\/salcher-fuer-wm-abfahrt-geruestet\/#breadcrumb\",\"itemListElement\":[{\"@type\":\"ListItem\",\"position\":1,\"name\":\"Home\",\"item\":\"https:\/\/www.markussalcher.at\/\"},{\"@type\":\"ListItem\",\"position\":2,\"name\":\"Salcher f\u00fcr WM-Abfahrt ger\u00fcstet\"}]},{\"@type\":\"WebSite\",\"@id\":\"https:\/\/www.markussalcher.at\/en\/#website\",\"url\":\"https:\/\/www.markussalcher.at\/en\/\",\"name\":\"Markus Salcher\",\"description\":\"\",\"publisher\":{\"@id\":\"https:\/\/www.markussalcher.at\/en\/#\/schema\/person\/4d3b28a2ac4641b84d51dc7a867c968e\"},\"potentialAction\":[{\"@type\":\"SearchAction\",\"target\":{\"@type\":\"EntryPoint\",\"urlTemplate\":\"https:\/\/www.markussalcher.at\/en\/?s={search_term_string}\"},\"query-input\":\"required name=search_term_string\"}],\"inLanguage\":\"en-US\"},{\"@type\":[\"Person\",\"Organization\"],\"@id\":\"https:\/\/www.markussalcher.at\/en\/#\/schema\/person\/4d3b28a2ac4641b84d51dc7a867c968e\",\"name\":\"admin\",\"image\":{\"@type\":\"ImageObject\",\"inLanguage\":\"en-US\",\"@id\":\"https:\/\/www.markussalcher.at\/en\/#\/schema\/person\/image\/\",\"url\":\"https:\/\/secure.gravatar.com\/avatar\/77dd2852168e19bb4b0c128eaf1117f9?s=96&d=mm&r=g\",\"contentUrl\":\"https:\/\/secure.gravatar.com\/avatar\/77dd2852168e19bb4b0c128eaf1117f9?s=96&d=mm&r=g\",\"caption\":\"admin\"},\"logo\":{\"@id\":\"https:\/\/www.markussalcher.at\/en\/#\/schema\/person\/image\/\"}},{\"@type\":\"Person\",\"@id\":\"https:\/\/www.markussalcher.at\/en\/#\/schema\/person\/5f79e66fd4c04a21998d22d2d7592750\",\"name\":\"Thomas Rathgeb\",\"image\":{\"@type\":\"ImageObject\",\"inLanguage\":\"en-US\",\"@id\":\"https:\/\/www.markussalcher.at\/en\/#\/schema\/person\/image\/\",\"url\":\"https:\/\/secure.gravatar.com\/avatar\/f31cd49a9a2584a4a9e895627cd2d6b2?s=96&d=mm&r=g\",\"contentUrl\":\"https:\/\/secure.gravatar.com\/avatar\/f31cd49a9a2584a4a9e895627cd2d6b2?s=96&d=mm&r=g\",\"caption\":\"Thomas Rathgeb\"},\"sameAs\":[\"https:\/\/www.sportpresseagentur.at\"]}]}<\/script>\n<!-- \/ Yoast SEO plugin. -->","yoast_head_json":{"title":"Salcher f\u00fcr WM-Abfahrt ger\u00fcstet - Markus Salcher","robots":{"index":"index","follow":"follow","max-snippet":"max-snippet:-1","max-image-preview":"max-image-preview:large","max-video-preview":"max-video-preview:-1"},"canonical":"https:\/\/www.markussalcher.at\/en\/salcher-fuer-wm-abfahrt-geruestet\/","og_locale":"en_US","og_type":"article","og_title":"Salcher f\u00fcr WM-Abfahrt ger\u00fcstet - Markus Salcher","og_description":"Paraski-Ass Markus Salcher ist auch im zweiten Training f\u00fcr die WM-Abfahrt bei den Titelk\u00e4mpfen in Lillehammer\/Hafjell auf Platz zwei gefahren. Der K\u00e4rntner z\u00e4hlt damit zu den hei\u00dfesten Anw\u00e4rtern auf eine Medaille in der K\u00f6nigsdisziplin.&nbsp; In der Klasse der stehenden Herren musste der 30-J\u00e4hrige wie schon am Vortag nur dem Franzosen Arthur Bauchet den Vortritt lassen.&hellip; Read more Salcher f\u00fcr WM-Abfahrt ger\u00fcstet","og_url":"https:\/\/www.markussalcher.at\/en\/salcher-fuer-wm-abfahrt-geruestet\/","og_site_name":"Markus Salcher","article_published_time":"2022-01-12T13:27:42+00:00","article_modified_time":"2022-01-12T13:27:44+00:00","author":"Thomas Rathgeb","twitter_card":"summary","twitter_creator":"@markussalcher","twitter_site":"@markussalcher","twitter_misc":{"Written by":"Thomas Rathgeb","Est. reading time":"1 minute"},"schema":{"@context":"https:\/\/schema.org","@graph":[{"@type":"Article","@id":"https:\/\/www.markussalcher.at\/en\/salcher-fuer-wm-abfahrt-geruestet\/#article","isPartOf":{"@id":"https:\/\/www.markussalcher.at\/en\/salcher-fuer-wm-abfahrt-geruestet\/"},"author":{"name":"Thomas Rathgeb","@id":"https:\/\/www.markussalcher.at\/en\/#\/schema\/person\/5f79e66fd4c04a21998d22d2d7592750"},"headline":"Salcher f\u00fcr WM-Abfahrt ger\u00fcstet","datePublished":"2022-01-12T13:27:42+00:00","dateModified":"2022-01-12T13:27:44+00:00","mainEntityOfPage":{"@id":"https:\/\/www.markussalcher.at\/en\/salcher-fuer-wm-abfahrt-geruestet\/"},"wordCount":244,"publisher":{"@id":"https:\/\/www.markussalcher.at\/en\/#\/schema\/person\/4d3b28a2ac4641b84d51dc7a867c968e"},"keywords":["Abfahrt","Hafjell","IPC","Paraski","Salcher","Ski alpin","WM"],"articleSection":["News"],"inLanguage":"en-US"},{"@type":"WebPage","@id":"https:\/\/www.markussalcher.at\/en\/salcher-fuer-wm-abfahrt-geruestet\/","url":"https:\/\/www.markussalcher.at\/en\/salcher-fuer-wm-abfahrt-geruestet\/","name":"Salcher f\u00fcr WM-Abfahrt ger\u00fcstet - Markus Salcher","isPartOf":{"@id":"https:\/\/www.markussalcher.at\/en\/#website"},"datePublished":"2022-01-12T13:27:42+00:00","dateModified":"2022-01-12T13:27:44+00:00","breadcrumb":{"@id":"https:\/\/www.markussalcher.at\/en\/salcher-fuer-wm-abfahrt-geruestet\/#breadcrumb"},"inLanguage":"en-US","potentialAction":[{"@type":"ReadAction","target":["https:\/\/www.markussalcher.at\/en\/salcher-fuer-wm-abfahrt-geruestet\/"]}]},{"@type":"BreadcrumbList","@id":"https:\/\/www.markussalcher.at\/en\/salcher-fuer-wm-abfahrt-geruestet\/#breadcrumb","itemListElement":[{"@type":"ListItem","position":1,"name":"Home","item":"https:\/\/www.markussalcher.at\/"},{"@type":"ListItem","position":2,"name":"Salcher f\u00fcr WM-Abfahrt ger\u00fcstet"}]},{"@type":"WebSite","@id":"https:\/\/www.markussalcher.at\/en\/#website","url":"https:\/\/www.markussalcher.at\/en\/","name":"Markus Salcher","description":"","publisher":{"@id":"https:\/\/www.markussalcher.at\/en\/#\/schema\/person\/4d3b28a2ac4641b84d51dc7a867c968e"},"potentialAction":[{"@type":"SearchAction","target":{"@type":"EntryPoint","urlTemplate":"https:\/\/www.markussalcher.at\/en\/?s={search_term_string}"},"query-input":"required name=search_term_string"}],"inLanguage":"en-US"},{"@type":["Person","Organization"],"@id":"https:\/\/www.markussalcher.at\/en\/#\/schema\/person\/4d3b28a2ac4641b84d51dc7a867c968e","name":"admin","image":{"@type":"ImageObject","inLanguage":"en-US","@id":"https:\/\/www.markussalcher.at\/en\/#\/schema\/person\/image\/","url":"https:\/\/secure.gravatar.com\/avatar\/77dd2852168e19bb4b0c128eaf1117f9?s=96&d=mm&r=g","contentUrl":"https:\/\/secure.gravatar.com\/avatar\/77dd2852168e19bb4b0c128eaf1117f9?s=96&d=mm&r=g","caption":"admin"},"logo":{"@id":"https:\/\/www.markussalcher.at\/en\/#\/schema\/person\/image\/"}},{"@type":"Person","@id":"https:\/\/www.markussalcher.at\/en\/#\/schema\/person\/5f79e66fd4c04a21998d22d2d7592750","name":"Thomas Rathgeb","image":{"@type":"ImageObject","inLanguage":"en-US","@id":"https:\/\/www.markussalcher.at\/en\/#\/schema\/person\/image\/","url":"https:\/\/secure.gravatar.com\/avatar\/f31cd49a9a2584a4a9e895627cd2d6b2?s=96&d=mm&r=g","contentUrl":"https:\/\/secure.gravatar.com\/avatar\/f31cd49a9a2584a4a9e895627cd2d6b2?s=96&d=mm&r=g","caption":"Thomas Rathgeb"},"sameAs":["https:\/\/www.sportpresseagentur.at"]}]}},"_links":{"self":[{"href":"https:\/\/www.markussalcher.at\/en\/wp-json\/wp\/v2\/posts\/724"}],"collection":[{"href":"https:\/\/www.markussalcher.at\/en\/wp-json\/wp\/v2\/posts"}],"about":[{"href":"https:\/\/www.markussalcher.at\/en\/wp-json\/wp\/v2\/types\/post"}],"author":[{"embeddable":true,"href":"https:\/\/www.markussalcher.at\/en\/wp-json\/wp\/v2\/users\/2"}],"replies":[{"embeddable":true,"href":"https:\/\/www.markussalcher.at\/en\/wp-json\/wp\/v2\/comments?post=724"}],"version-history":[{"count":1,"href":"https:\/\/www.markussalcher.at\/en\/wp-json\/wp\/v2\/posts\/724\/revisions"}],"predecessor-version":[{"id":725,"href":"https:\/\/www.markussalcher.at\/en\/wp-json\/wp\/v2\/posts\/724\/revisions\/725"}],"wp:attachment":[{"href":"https:\/\/www.markussalcher.at\/en\/wp-json\/wp\/v2\/media?parent=724"}],"wp:term":[{"taxonomy":"category","embeddable":true,"href":"https:\/\/www.markussalcher.at\/en\/wp-json\/wp\/v2\/categories?post=724"},{"taxonomy":"post_tag","embeddable":true,"href":"https:\/\/www.markussalcher.at\/en\/wp-json\/wp\/v2\/tags?post=724"}],"curies":[{"name":"wp","href":"https:\/\/api.w.org\/{rel}","templated":true}]}}