
{"id":556,"date":"2019-09-07T17:06:44","date_gmt":"2019-09-07T15:06:44","guid":{"rendered":"https:\/\/www.markussalcher.at\/?p=556"},"modified":"2019-09-07T17:06:45","modified_gmt":"2019-09-07T15:06:45","slug":"erstes-schneetraining-absolviert","status":"publish","type":"post","link":"https:\/\/www.markussalcher.at\/en\/erstes-schneetraining-absolviert\/","title":{"rendered":"Erstes Schneetraining absolviert"},"content":{"rendered":"\n<p><strong>Bei Markus Salcher laufen die Vorbereitungen auf die kommende Weltcupsaison derzeit auf Hochtouren. <\/strong><\/p>\n\n\n\n<p>Zuletzt trainierte der K\u00e4rntner im Schweizer Saas Fee erstmals im Laufe des Sommers auf Schnee. &#8220;Es war wieder gut, Schneekontakt zu haben&#8221;, ist die Vorfreude auf die Rennsaison beim K\u00e4rntner schon gro\u00df. Dabei blieb in seinem Umfeld kaum ein Stein auf dem anderen. Die Zusammenarbeit mit seinem neuen Coach Markus Gutenbrunner verl\u00e4uft jedoch sehr erfreulich. <\/p>\n\n\n\n<p>Selbstverst\u00e4ndlich ist bis zum Saisonauftakt noch ein gewisses Feintuning n\u00f6tig. &#8220;Das Feeling kommt nach der Sommerpause langsam wieder zur\u00fcck. Das Timing passt momentan noch nicht&#8221;, schildert Salcher und f\u00fcgt hinzu: &#8220;Das war allerdings erst der erste Schneekurs. Ab 15. September geht es erneut in Saas Fee mit dem n\u00e4chsten Kurs weiter.&#8221; Dann hat der zweifache Paralympicssieger auch schon die n\u00e4chste Gelegenheit, seine Abstimmung zu perfektionieren. <\/p>\n","protected":false},"excerpt":{"rendered":"<p>Bei Markus Salcher laufen die Vorbereitungen auf die kommende Weltcupsaison derzeit auf Hochtouren. Zuletzt trainierte der K\u00e4rntner im Schweizer Saas Fee erstmals im Laufe des Sommers auf Schnee. &#8220;Es war wieder gut, Schneekontakt zu haben&#8221;, ist die Vorfreude auf die Rennsaison beim K\u00e4rntner schon gro\u00df. Dabei blieb in seinem Umfeld kaum ein Stein auf dem&hellip; <\/p>\n<p class=\"toivo-read-more\"><a href=\"https:\/\/www.markussalcher.at\/en\/erstes-schneetraining-absolviert\/\" class=\"more-link\">Read more <span class=\"screen-reader-text\">Erstes Schneetraining absolviert<\/span><\/a><\/p>\n","protected":false},"author":2,"featured_media":0,"comment_status":"closed","ping_status":"open","sticky":false,"template":"","format":"standard","meta":[],"categories":[1],"tags":[70,13,19,10],"yoast_head":"<!-- This site is optimized with the Yoast SEO plugin v19.6.1 - https:\/\/yoast.com\/wordpress\/plugins\/seo\/ -->\n<title>Erstes Schneetraining absolviert - Markus Salcher<\/title>\n<meta name=\"robots\" content=\"index, follow, max-snippet:-1, max-image-preview:large, max-video-preview:-1\" \/>\n<link rel=\"canonical\" href=\"https:\/\/www.markussalcher.at\/erstes-schneetraining-absolviert\/\" \/>\n<meta property=\"og:locale\" content=\"en_US\" \/>\n<meta property=\"og:type\" content=\"article\" \/>\n<meta property=\"og:title\" content=\"Erstes Schneetraining absolviert - Markus Salcher\" \/>\n<meta property=\"og:description\" content=\"Bei Markus Salcher laufen die Vorbereitungen auf die kommende Weltcupsaison derzeit auf Hochtouren. Zuletzt trainierte der K\u00e4rntner im Schweizer Saas Fee erstmals im Laufe des Sommers auf Schnee. &#8220;Es war wieder gut, Schneekontakt zu haben&#8221;, ist die Vorfreude auf die Rennsaison beim K\u00e4rntner schon gro\u00df. Dabei blieb in seinem Umfeld kaum ein Stein auf dem&hellip; Read more Erstes Schneetraining absolviert\" \/>\n<meta property=\"og:url\" content=\"https:\/\/www.markussalcher.at\/erstes-schneetraining-absolviert\/\" \/>\n<meta property=\"og:site_name\" content=\"Markus Salcher\" \/>\n<meta property=\"article:published_time\" content=\"2019-09-07T15:06:44+00:00\" \/>\n<meta property=\"article:modified_time\" content=\"2019-09-07T15:06:45+00:00\" \/>\n<meta name=\"author\" content=\"Thomas Rathgeb\" \/>\n<meta name=\"twitter:card\" content=\"summary\" \/>\n<meta name=\"twitter:creator\" content=\"@markussalcher\" \/>\n<meta name=\"twitter:site\" content=\"@markussalcher\" \/>\n<meta name=\"twitter:label1\" content=\"Written by\" \/>\n\t<meta name=\"twitter:data1\" content=\"Thomas Rathgeb\" \/>\n\t<meta name=\"twitter:label2\" content=\"Est. reading time\" \/>\n\t<meta name=\"twitter:data2\" content=\"1 minute\" \/>\n<script type=\"application\/ld+json\" class=\"yoast-schema-graph\">{\"@context\":\"https:\/\/schema.org\",\"@graph\":[{\"@type\":\"Article\",\"@id\":\"https:\/\/www.markussalcher.at\/erstes-schneetraining-absolviert\/#article\",\"isPartOf\":{\"@id\":\"https:\/\/www.markussalcher.at\/erstes-schneetraining-absolviert\/\"},\"author\":{\"name\":\"Thomas Rathgeb\",\"@id\":\"https:\/\/www.markussalcher.at\/en\/#\/schema\/person\/5f79e66fd4c04a21998d22d2d7592750\"},\"headline\":\"Erstes Schneetraining absolviert\",\"datePublished\":\"2019-09-07T15:06:44+00:00\",\"dateModified\":\"2019-09-07T15:06:45+00:00\",\"mainEntityOfPage\":{\"@id\":\"https:\/\/www.markussalcher.at\/erstes-schneetraining-absolviert\/\"},\"wordCount\":144,\"publisher\":{\"@id\":\"https:\/\/www.markussalcher.at\/en\/#\/schema\/person\/4d3b28a2ac4641b84d51dc7a867c968e\"},\"keywords\":[\"Saas Fee\",\"Salcher\",\"Ski alpin\",\"Training\"],\"articleSection\":[\"News\"],\"inLanguage\":\"en-US\"},{\"@type\":\"WebPage\",\"@id\":\"https:\/\/www.markussalcher.at\/erstes-schneetraining-absolviert\/\",\"url\":\"https:\/\/www.markussalcher.at\/erstes-schneetraining-absolviert\/\",\"name\":\"Erstes Schneetraining absolviert - Markus Salcher\",\"isPartOf\":{\"@id\":\"https:\/\/www.markussalcher.at\/en\/#website\"},\"datePublished\":\"2019-09-07T15:06:44+00:00\",\"dateModified\":\"2019-09-07T15:06:45+00:00\",\"breadcrumb\":{\"@id\":\"https:\/\/www.markussalcher.at\/erstes-schneetraining-absolviert\/#breadcrumb\"},\"inLanguage\":\"en-US\",\"potentialAction\":[{\"@type\":\"ReadAction\",\"target\":[\"https:\/\/www.markussalcher.at\/erstes-schneetraining-absolviert\/\"]}]},{\"@type\":\"BreadcrumbList\",\"@id\":\"https:\/\/www.markussalcher.at\/erstes-schneetraining-absolviert\/#breadcrumb\",\"itemListElement\":[{\"@type\":\"ListItem\",\"position\":1,\"name\":\"Home\",\"item\":\"https:\/\/www.markussalcher.at\/\"},{\"@type\":\"ListItem\",\"position\":2,\"name\":\"Erstes Schneetraining absolviert\"}]},{\"@type\":\"WebSite\",\"@id\":\"https:\/\/www.markussalcher.at\/en\/#website\",\"url\":\"https:\/\/www.markussalcher.at\/en\/\",\"name\":\"Markus Salcher\",\"description\":\"\",\"publisher\":{\"@id\":\"https:\/\/www.markussalcher.at\/en\/#\/schema\/person\/4d3b28a2ac4641b84d51dc7a867c968e\"},\"potentialAction\":[{\"@type\":\"SearchAction\",\"target\":{\"@type\":\"EntryPoint\",\"urlTemplate\":\"https:\/\/www.markussalcher.at\/en\/?s={search_term_string}\"},\"query-input\":\"required name=search_term_string\"}],\"inLanguage\":\"en-US\"},{\"@type\":[\"Person\",\"Organization\"],\"@id\":\"https:\/\/www.markussalcher.at\/en\/#\/schema\/person\/4d3b28a2ac4641b84d51dc7a867c968e\",\"name\":\"admin\",\"image\":{\"@type\":\"ImageObject\",\"inLanguage\":\"en-US\",\"@id\":\"https:\/\/www.markussalcher.at\/en\/#\/schema\/person\/image\/\",\"url\":\"https:\/\/secure.gravatar.com\/avatar\/77dd2852168e19bb4b0c128eaf1117f9?s=96&d=mm&r=g\",\"contentUrl\":\"https:\/\/secure.gravatar.com\/avatar\/77dd2852168e19bb4b0c128eaf1117f9?s=96&d=mm&r=g\",\"caption\":\"admin\"},\"logo\":{\"@id\":\"https:\/\/www.markussalcher.at\/en\/#\/schema\/person\/image\/\"}},{\"@type\":\"Person\",\"@id\":\"https:\/\/www.markussalcher.at\/en\/#\/schema\/person\/5f79e66fd4c04a21998d22d2d7592750\",\"name\":\"Thomas Rathgeb\",\"image\":{\"@type\":\"ImageObject\",\"inLanguage\":\"en-US\",\"@id\":\"https:\/\/www.markussalcher.at\/en\/#\/schema\/person\/image\/\",\"url\":\"https:\/\/secure.gravatar.com\/avatar\/f31cd49a9a2584a4a9e895627cd2d6b2?s=96&d=mm&r=g\",\"contentUrl\":\"https:\/\/secure.gravatar.com\/avatar\/f31cd49a9a2584a4a9e895627cd2d6b2?s=96&d=mm&r=g\",\"caption\":\"Thomas Rathgeb\"},\"sameAs\":[\"https:\/\/www.sportpresseagentur.at\"]}]}<\/script>\n<!-- \/ Yoast SEO plugin. -->","yoast_head_json":{"title":"Erstes Schneetraining absolviert - Markus Salcher","robots":{"index":"index","follow":"follow","max-snippet":"max-snippet:-1","max-image-preview":"max-image-preview:large","max-video-preview":"max-video-preview:-1"},"canonical":"https:\/\/www.markussalcher.at\/erstes-schneetraining-absolviert\/","og_locale":"en_US","og_type":"article","og_title":"Erstes Schneetraining absolviert - Markus Salcher","og_description":"Bei Markus Salcher laufen die Vorbereitungen auf die kommende Weltcupsaison derzeit auf Hochtouren. Zuletzt trainierte der K\u00e4rntner im Schweizer Saas Fee erstmals im Laufe des Sommers auf Schnee. &#8220;Es war wieder gut, Schneekontakt zu haben&#8221;, ist die Vorfreude auf die Rennsaison beim K\u00e4rntner schon gro\u00df. Dabei blieb in seinem Umfeld kaum ein Stein auf dem&hellip; Read more Erstes Schneetraining absolviert","og_url":"https:\/\/www.markussalcher.at\/erstes-schneetraining-absolviert\/","og_site_name":"Markus Salcher","article_published_time":"2019-09-07T15:06:44+00:00","article_modified_time":"2019-09-07T15:06:45+00:00","author":"Thomas Rathgeb","twitter_card":"summary","twitter_creator":"@markussalcher","twitter_site":"@markussalcher","twitter_misc":{"Written by":"Thomas Rathgeb","Est. reading time":"1 minute"},"schema":{"@context":"https:\/\/schema.org","@graph":[{"@type":"Article","@id":"https:\/\/www.markussalcher.at\/erstes-schneetraining-absolviert\/#article","isPartOf":{"@id":"https:\/\/www.markussalcher.at\/erstes-schneetraining-absolviert\/"},"author":{"name":"Thomas Rathgeb","@id":"https:\/\/www.markussalcher.at\/en\/#\/schema\/person\/5f79e66fd4c04a21998d22d2d7592750"},"headline":"Erstes Schneetraining absolviert","datePublished":"2019-09-07T15:06:44+00:00","dateModified":"2019-09-07T15:06:45+00:00","mainEntityOfPage":{"@id":"https:\/\/www.markussalcher.at\/erstes-schneetraining-absolviert\/"},"wordCount":144,"publisher":{"@id":"https:\/\/www.markussalcher.at\/en\/#\/schema\/person\/4d3b28a2ac4641b84d51dc7a867c968e"},"keywords":["Saas Fee","Salcher","Ski alpin","Training"],"articleSection":["News"],"inLanguage":"en-US"},{"@type":"WebPage","@id":"https:\/\/www.markussalcher.at\/erstes-schneetraining-absolviert\/","url":"https:\/\/www.markussalcher.at\/erstes-schneetraining-absolviert\/","name":"Erstes Schneetraining absolviert - Markus Salcher","isPartOf":{"@id":"https:\/\/www.markussalcher.at\/en\/#website"},"datePublished":"2019-09-07T15:06:44+00:00","dateModified":"2019-09-07T15:06:45+00:00","breadcrumb":{"@id":"https:\/\/www.markussalcher.at\/erstes-schneetraining-absolviert\/#breadcrumb"},"inLanguage":"en-US","potentialAction":[{"@type":"ReadAction","target":["https:\/\/www.markussalcher.at\/erstes-schneetraining-absolviert\/"]}]},{"@type":"BreadcrumbList","@id":"https:\/\/www.markussalcher.at\/erstes-schneetraining-absolviert\/#breadcrumb","itemListElement":[{"@type":"ListItem","position":1,"name":"Home","item":"https:\/\/www.markussalcher.at\/"},{"@type":"ListItem","position":2,"name":"Erstes Schneetraining absolviert"}]},{"@type":"WebSite","@id":"https:\/\/www.markussalcher.at\/en\/#website","url":"https:\/\/www.markussalcher.at\/en\/","name":"Markus Salcher","description":"","publisher":{"@id":"https:\/\/www.markussalcher.at\/en\/#\/schema\/person\/4d3b28a2ac4641b84d51dc7a867c968e"},"potentialAction":[{"@type":"SearchAction","target":{"@type":"EntryPoint","urlTemplate":"https:\/\/www.markussalcher.at\/en\/?s={search_term_string}"},"query-input":"required name=search_term_string"}],"inLanguage":"en-US"},{"@type":["Person","Organization"],"@id":"https:\/\/www.markussalcher.at\/en\/#\/schema\/person\/4d3b28a2ac4641b84d51dc7a867c968e","name":"admin","image":{"@type":"ImageObject","inLanguage":"en-US","@id":"https:\/\/www.markussalcher.at\/en\/#\/schema\/person\/image\/","url":"https:\/\/secure.gravatar.com\/avatar\/77dd2852168e19bb4b0c128eaf1117f9?s=96&d=mm&r=g","contentUrl":"https:\/\/secure.gravatar.com\/avatar\/77dd2852168e19bb4b0c128eaf1117f9?s=96&d=mm&r=g","caption":"admin"},"logo":{"@id":"https:\/\/www.markussalcher.at\/en\/#\/schema\/person\/image\/"}},{"@type":"Person","@id":"https:\/\/www.markussalcher.at\/en\/#\/schema\/person\/5f79e66fd4c04a21998d22d2d7592750","name":"Thomas Rathgeb","image":{"@type":"ImageObject","inLanguage":"en-US","@id":"https:\/\/www.markussalcher.at\/en\/#\/schema\/person\/image\/","url":"https:\/\/secure.gravatar.com\/avatar\/f31cd49a9a2584a4a9e895627cd2d6b2?s=96&d=mm&r=g","contentUrl":"https:\/\/secure.gravatar.com\/avatar\/f31cd49a9a2584a4a9e895627cd2d6b2?s=96&d=mm&r=g","caption":"Thomas Rathgeb"},"sameAs":["https:\/\/www.sportpresseagentur.at"]}]}},"_links":{"self":[{"href":"https:\/\/www.markussalcher.at\/en\/wp-json\/wp\/v2\/posts\/556"}],"collection":[{"href":"https:\/\/www.markussalcher.at\/en\/wp-json\/wp\/v2\/posts"}],"about":[{"href":"https:\/\/www.markussalcher.at\/en\/wp-json\/wp\/v2\/types\/post"}],"author":[{"embeddable":true,"href":"https:\/\/www.markussalcher.at\/en\/wp-json\/wp\/v2\/users\/2"}],"replies":[{"embeddable":true,"href":"https:\/\/www.markussalcher.at\/en\/wp-json\/wp\/v2\/comments?post=556"}],"version-history":[{"count":1,"href":"https:\/\/www.markussalcher.at\/en\/wp-json\/wp\/v2\/posts\/556\/revisions"}],"predecessor-version":[{"id":557,"href":"https:\/\/www.markussalcher.at\/en\/wp-json\/wp\/v2\/posts\/556\/revisions\/557"}],"wp:attachment":[{"href":"https:\/\/www.markussalcher.at\/en\/wp-json\/wp\/v2\/media?parent=556"}],"wp:term":[{"taxonomy":"category","embeddable":true,"href":"https:\/\/www.markussalcher.at\/en\/wp-json\/wp\/v2\/categories?post=556"},{"taxonomy":"post_tag","embeddable":true,"href":"https:\/\/www.markussalcher.at\/en\/wp-json\/wp\/v2\/tags?post=556"}],"curies":[{"name":"wp","href":"https:\/\/api.w.org\/{rel}","templated":true}]}}