
{"id":324,"date":"2016-12-16T20:39:07","date_gmt":"2016-12-16T19:39:07","guid":{"rendered":"https:\/\/www.markussalcher.at\/?p=324"},"modified":"2016-12-16T20:45:40","modified_gmt":"2016-12-16T19:45:40","slug":"out-im-weltcup-riesentorlauf-in-kuehtai","status":"publish","type":"post","link":"https:\/\/www.markussalcher.at\/en\/out-im-weltcup-riesentorlauf-in-kuehtai\/","title":{"rendered":"Salcher did not finish first GS"},"content":{"rendered":"<p>Markus Salcher cannot be satisfied with his first race in the Season. The Austrian did not finish in the first WC giant slalom of the season in K\u00fchtai (AUT). After the first run he was in the sixth Position. The Slovakian Martin France has won the race, with his fifth place Thomas Grochar has been the best ranked Austrian.<\/p>\n<p>Die Weltcupsaison begann f\u00fcr Markus Salcher heute im Tiroler K\u00fchtai mit einer Ern\u00fcchterung. Im Riesentorlauf\u00a0der stehenden Klasse schied der K\u00e4rntner nach Halbzeitrang sechs im zweiten Durchgang aus. Den Sieg sicherte sich der Slowake Martin France. Bester \u00d6sterreicher wurde Thomas Grochar als F\u00fcnfter.<\/p>","protected":false},"excerpt":{"rendered":"<p>Markus Salcher cannot be satisfied with his first race in the Season. The Austrian did not finish in the first WC giant slalom of the season in K\u00fchtai (AUT). After the first run he was in the sixth Position. The Slovakian Martin France has won the race, with his fifth place Thomas Grochar has been&hellip; <\/p>\n<p class=\"toivo-read-more\"><a href=\"https:\/\/www.markussalcher.at\/en\/out-im-weltcup-riesentorlauf-in-kuehtai\/\" class=\"more-link\">Read more <span class=\"screen-reader-text\">Salcher did not finish first GS<\/span><\/a><\/p>\n","protected":false},"author":2,"featured_media":0,"comment_status":"closed","ping_status":"open","sticky":false,"template":"","format":"standard","meta":[],"categories":[1],"tags":[],"yoast_head":"<!-- This site is optimized with the Yoast SEO plugin v19.6.1 - https:\/\/yoast.com\/wordpress\/plugins\/seo\/ -->\n<title>Salcher did not finish first GS - Markus Salcher<\/title>\n<meta name=\"robots\" content=\"index, follow, max-snippet:-1, max-image-preview:large, max-video-preview:-1\" \/>\n<link rel=\"canonical\" href=\"https:\/\/www.markussalcher.at\/en\/out-im-weltcup-riesentorlauf-in-kuehtai\/\" \/>\n<meta property=\"og:locale\" content=\"en_US\" \/>\n<meta property=\"og:type\" content=\"article\" \/>\n<meta property=\"og:title\" content=\"Salcher did not finish first GS - Markus Salcher\" \/>\n<meta property=\"og:description\" content=\"Markus Salcher cannot be satisfied with his first race in the Season. The Austrian did not finish in the first WC giant slalom of the season in K\u00fchtai (AUT). After the first run he was in the sixth Position. The Slovakian Martin France has won the race, with his fifth place Thomas Grochar has been&hellip; Read more Salcher did not finish first GS\" \/>\n<meta property=\"og:url\" content=\"https:\/\/www.markussalcher.at\/en\/out-im-weltcup-riesentorlauf-in-kuehtai\/\" \/>\n<meta property=\"og:site_name\" content=\"Markus Salcher\" \/>\n<meta property=\"article:published_time\" content=\"2016-12-16T19:39:07+00:00\" \/>\n<meta property=\"article:modified_time\" content=\"2016-12-16T19:45:40+00:00\" \/>\n<meta name=\"author\" content=\"Thomas Rathgeb\" \/>\n<meta name=\"twitter:card\" content=\"summary\" \/>\n<meta name=\"twitter:creator\" content=\"@markussalcher\" \/>\n<meta name=\"twitter:site\" content=\"@markussalcher\" \/>\n<meta name=\"twitter:label1\" content=\"Written by\" \/>\n\t<meta name=\"twitter:data1\" content=\"Thomas Rathgeb\" \/>\n\t<meta name=\"twitter:label2\" content=\"Est. reading time\" \/>\n\t<meta name=\"twitter:data2\" content=\"1 minute\" \/>\n<script type=\"application\/ld+json\" class=\"yoast-schema-graph\">{\"@context\":\"https:\/\/schema.org\",\"@graph\":[{\"@type\":\"Article\",\"@id\":\"https:\/\/www.markussalcher.at\/en\/out-im-weltcup-riesentorlauf-in-kuehtai\/#article\",\"isPartOf\":{\"@id\":\"https:\/\/www.markussalcher.at\/en\/out-im-weltcup-riesentorlauf-in-kuehtai\/\"},\"author\":{\"name\":\"Thomas Rathgeb\",\"@id\":\"https:\/\/www.markussalcher.at\/en\/#\/schema\/person\/5f79e66fd4c04a21998d22d2d7592750\"},\"headline\":\"Salcher did not finish first GS\",\"datePublished\":\"2016-12-16T19:39:07+00:00\",\"dateModified\":\"2016-12-16T19:45:40+00:00\",\"mainEntityOfPage\":{\"@id\":\"https:\/\/www.markussalcher.at\/en\/out-im-weltcup-riesentorlauf-in-kuehtai\/\"},\"wordCount\":172,\"publisher\":{\"@id\":\"https:\/\/www.markussalcher.at\/en\/#\/schema\/person\/4d3b28a2ac4641b84d51dc7a867c968e\"},\"articleSection\":[\"News\"],\"inLanguage\":\"en-US\"},{\"@type\":\"WebPage\",\"@id\":\"https:\/\/www.markussalcher.at\/en\/out-im-weltcup-riesentorlauf-in-kuehtai\/\",\"url\":\"https:\/\/www.markussalcher.at\/en\/out-im-weltcup-riesentorlauf-in-kuehtai\/\",\"name\":\"Salcher did not finish first GS - Markus Salcher\",\"isPartOf\":{\"@id\":\"https:\/\/www.markussalcher.at\/en\/#website\"},\"datePublished\":\"2016-12-16T19:39:07+00:00\",\"dateModified\":\"2016-12-16T19:45:40+00:00\",\"breadcrumb\":{\"@id\":\"https:\/\/www.markussalcher.at\/en\/out-im-weltcup-riesentorlauf-in-kuehtai\/#breadcrumb\"},\"inLanguage\":\"en-US\",\"potentialAction\":[{\"@type\":\"ReadAction\",\"target\":[\"https:\/\/www.markussalcher.at\/en\/out-im-weltcup-riesentorlauf-in-kuehtai\/\"]}]},{\"@type\":\"BreadcrumbList\",\"@id\":\"https:\/\/www.markussalcher.at\/en\/out-im-weltcup-riesentorlauf-in-kuehtai\/#breadcrumb\",\"itemListElement\":[{\"@type\":\"ListItem\",\"position\":1,\"name\":\"Home\",\"item\":\"https:\/\/www.markussalcher.at\/\"},{\"@type\":\"ListItem\",\"position\":2,\"name\":\"Salcher did not finish first GS\"}]},{\"@type\":\"WebSite\",\"@id\":\"https:\/\/www.markussalcher.at\/en\/#website\",\"url\":\"https:\/\/www.markussalcher.at\/en\/\",\"name\":\"Markus Salcher\",\"description\":\"\",\"publisher\":{\"@id\":\"https:\/\/www.markussalcher.at\/en\/#\/schema\/person\/4d3b28a2ac4641b84d51dc7a867c968e\"},\"potentialAction\":[{\"@type\":\"SearchAction\",\"target\":{\"@type\":\"EntryPoint\",\"urlTemplate\":\"https:\/\/www.markussalcher.at\/en\/?s={search_term_string}\"},\"query-input\":\"required name=search_term_string\"}],\"inLanguage\":\"en-US\"},{\"@type\":[\"Person\",\"Organization\"],\"@id\":\"https:\/\/www.markussalcher.at\/en\/#\/schema\/person\/4d3b28a2ac4641b84d51dc7a867c968e\",\"name\":\"admin\",\"image\":{\"@type\":\"ImageObject\",\"inLanguage\":\"en-US\",\"@id\":\"https:\/\/www.markussalcher.at\/en\/#\/schema\/person\/image\/\",\"url\":\"https:\/\/secure.gravatar.com\/avatar\/77dd2852168e19bb4b0c128eaf1117f9?s=96&d=mm&r=g\",\"contentUrl\":\"https:\/\/secure.gravatar.com\/avatar\/77dd2852168e19bb4b0c128eaf1117f9?s=96&d=mm&r=g\",\"caption\":\"admin\"},\"logo\":{\"@id\":\"https:\/\/www.markussalcher.at\/en\/#\/schema\/person\/image\/\"}},{\"@type\":\"Person\",\"@id\":\"https:\/\/www.markussalcher.at\/en\/#\/schema\/person\/5f79e66fd4c04a21998d22d2d7592750\",\"name\":\"Thomas Rathgeb\",\"image\":{\"@type\":\"ImageObject\",\"inLanguage\":\"en-US\",\"@id\":\"https:\/\/www.markussalcher.at\/en\/#\/schema\/person\/image\/\",\"url\":\"https:\/\/secure.gravatar.com\/avatar\/f31cd49a9a2584a4a9e895627cd2d6b2?s=96&d=mm&r=g\",\"contentUrl\":\"https:\/\/secure.gravatar.com\/avatar\/f31cd49a9a2584a4a9e895627cd2d6b2?s=96&d=mm&r=g\",\"caption\":\"Thomas Rathgeb\"},\"sameAs\":[\"https:\/\/www.sportpresseagentur.at\"]}]}<\/script>\n<!-- \/ Yoast SEO plugin. -->","yoast_head_json":{"title":"Salcher did not finish first GS - Markus Salcher","robots":{"index":"index","follow":"follow","max-snippet":"max-snippet:-1","max-image-preview":"max-image-preview:large","max-video-preview":"max-video-preview:-1"},"canonical":"https:\/\/www.markussalcher.at\/en\/out-im-weltcup-riesentorlauf-in-kuehtai\/","og_locale":"en_US","og_type":"article","og_title":"Salcher did not finish first GS - Markus Salcher","og_description":"Markus Salcher cannot be satisfied with his first race in the Season. The Austrian did not finish in the first WC giant slalom of the season in K\u00fchtai (AUT). After the first run he was in the sixth Position. The Slovakian Martin France has won the race, with his fifth place Thomas Grochar has been&hellip; Read more Salcher did not finish first GS","og_url":"https:\/\/www.markussalcher.at\/en\/out-im-weltcup-riesentorlauf-in-kuehtai\/","og_site_name":"Markus Salcher","article_published_time":"2016-12-16T19:39:07+00:00","article_modified_time":"2016-12-16T19:45:40+00:00","author":"Thomas Rathgeb","twitter_card":"summary","twitter_creator":"@markussalcher","twitter_site":"@markussalcher","twitter_misc":{"Written by":"Thomas Rathgeb","Est. reading time":"1 minute"},"schema":{"@context":"https:\/\/schema.org","@graph":[{"@type":"Article","@id":"https:\/\/www.markussalcher.at\/en\/out-im-weltcup-riesentorlauf-in-kuehtai\/#article","isPartOf":{"@id":"https:\/\/www.markussalcher.at\/en\/out-im-weltcup-riesentorlauf-in-kuehtai\/"},"author":{"name":"Thomas Rathgeb","@id":"https:\/\/www.markussalcher.at\/en\/#\/schema\/person\/5f79e66fd4c04a21998d22d2d7592750"},"headline":"Salcher did not finish first GS","datePublished":"2016-12-16T19:39:07+00:00","dateModified":"2016-12-16T19:45:40+00:00","mainEntityOfPage":{"@id":"https:\/\/www.markussalcher.at\/en\/out-im-weltcup-riesentorlauf-in-kuehtai\/"},"wordCount":172,"publisher":{"@id":"https:\/\/www.markussalcher.at\/en\/#\/schema\/person\/4d3b28a2ac4641b84d51dc7a867c968e"},"articleSection":["News"],"inLanguage":"en-US"},{"@type":"WebPage","@id":"https:\/\/www.markussalcher.at\/en\/out-im-weltcup-riesentorlauf-in-kuehtai\/","url":"https:\/\/www.markussalcher.at\/en\/out-im-weltcup-riesentorlauf-in-kuehtai\/","name":"Salcher did not finish first GS - Markus Salcher","isPartOf":{"@id":"https:\/\/www.markussalcher.at\/en\/#website"},"datePublished":"2016-12-16T19:39:07+00:00","dateModified":"2016-12-16T19:45:40+00:00","breadcrumb":{"@id":"https:\/\/www.markussalcher.at\/en\/out-im-weltcup-riesentorlauf-in-kuehtai\/#breadcrumb"},"inLanguage":"en-US","potentialAction":[{"@type":"ReadAction","target":["https:\/\/www.markussalcher.at\/en\/out-im-weltcup-riesentorlauf-in-kuehtai\/"]}]},{"@type":"BreadcrumbList","@id":"https:\/\/www.markussalcher.at\/en\/out-im-weltcup-riesentorlauf-in-kuehtai\/#breadcrumb","itemListElement":[{"@type":"ListItem","position":1,"name":"Home","item":"https:\/\/www.markussalcher.at\/"},{"@type":"ListItem","position":2,"name":"Salcher did not finish first GS"}]},{"@type":"WebSite","@id":"https:\/\/www.markussalcher.at\/en\/#website","url":"https:\/\/www.markussalcher.at\/en\/","name":"Markus Salcher","description":"","publisher":{"@id":"https:\/\/www.markussalcher.at\/en\/#\/schema\/person\/4d3b28a2ac4641b84d51dc7a867c968e"},"potentialAction":[{"@type":"SearchAction","target":{"@type":"EntryPoint","urlTemplate":"https:\/\/www.markussalcher.at\/en\/?s={search_term_string}"},"query-input":"required name=search_term_string"}],"inLanguage":"en-US"},{"@type":["Person","Organization"],"@id":"https:\/\/www.markussalcher.at\/en\/#\/schema\/person\/4d3b28a2ac4641b84d51dc7a867c968e","name":"admin","image":{"@type":"ImageObject","inLanguage":"en-US","@id":"https:\/\/www.markussalcher.at\/en\/#\/schema\/person\/image\/","url":"https:\/\/secure.gravatar.com\/avatar\/77dd2852168e19bb4b0c128eaf1117f9?s=96&d=mm&r=g","contentUrl":"https:\/\/secure.gravatar.com\/avatar\/77dd2852168e19bb4b0c128eaf1117f9?s=96&d=mm&r=g","caption":"admin"},"logo":{"@id":"https:\/\/www.markussalcher.at\/en\/#\/schema\/person\/image\/"}},{"@type":"Person","@id":"https:\/\/www.markussalcher.at\/en\/#\/schema\/person\/5f79e66fd4c04a21998d22d2d7592750","name":"Thomas Rathgeb","image":{"@type":"ImageObject","inLanguage":"en-US","@id":"https:\/\/www.markussalcher.at\/en\/#\/schema\/person\/image\/","url":"https:\/\/secure.gravatar.com\/avatar\/f31cd49a9a2584a4a9e895627cd2d6b2?s=96&d=mm&r=g","contentUrl":"https:\/\/secure.gravatar.com\/avatar\/f31cd49a9a2584a4a9e895627cd2d6b2?s=96&d=mm&r=g","caption":"Thomas Rathgeb"},"sameAs":["https:\/\/www.sportpresseagentur.at"]}]}},"_links":{"self":[{"href":"https:\/\/www.markussalcher.at\/en\/wp-json\/wp\/v2\/posts\/324"}],"collection":[{"href":"https:\/\/www.markussalcher.at\/en\/wp-json\/wp\/v2\/posts"}],"about":[{"href":"https:\/\/www.markussalcher.at\/en\/wp-json\/wp\/v2\/types\/post"}],"author":[{"embeddable":true,"href":"https:\/\/www.markussalcher.at\/en\/wp-json\/wp\/v2\/users\/2"}],"replies":[{"embeddable":true,"href":"https:\/\/www.markussalcher.at\/en\/wp-json\/wp\/v2\/comments?post=324"}],"version-history":[{"count":2,"href":"https:\/\/www.markussalcher.at\/en\/wp-json\/wp\/v2\/posts\/324\/revisions"}],"predecessor-version":[{"id":326,"href":"https:\/\/www.markussalcher.at\/en\/wp-json\/wp\/v2\/posts\/324\/revisions\/326"}],"wp:attachment":[{"href":"https:\/\/www.markussalcher.at\/en\/wp-json\/wp\/v2\/media?parent=324"}],"wp:term":[{"taxonomy":"category","embeddable":true,"href":"https:\/\/www.markussalcher.at\/en\/wp-json\/wp\/v2\/categories?post=324"},{"taxonomy":"post_tag","embeddable":true,"href":"https:\/\/www.markussalcher.at\/en\/wp-json\/wp\/v2\/tags?post=324"}],"curies":[{"name":"wp","href":"https:\/\/api.w.org\/{rel}","templated":true}]}}